{"id":30351,"date":"2024-07-15T17:37:52","date_gmt":"2024-07-15T14:37:52","guid":{"rendered":"https:\/\/globalperspektif.com\/?p=30351"},"modified":"2024-08-24T18:57:28","modified_gmt":"2024-08-24T15:57:28","slug":"ispanya-golden-visa-programi-son-durum-nedir","status":"publish","type":"post","link":"https:\/\/globalperspektif.com\/en\/ispanya-golden-visa-programi-son-durum-nedir\/","title":{"rendered":"What is the Latest Status of Spain Golden Visa Program?"},"content":{"rendered":"<div>\n<p><span class=\"OYPEnA text-decoration-none text-strikethrough-none\">For about 10 years, the Spanish Golden Visa program has been providing residence permits to applicants and their families if they invest 500,000 Euros in Spain.\u00a0<\/span><span class=\"OYPEnA text-decoration-none text-strikethrough-none\">the end is nearing.<\/span><\/p>\n<\/div>\n<p class=\"cvGsUA direction-ltr align-center para-style-body\"><span class=\"OYPEnA text-decoration-none text-strikethrough-none\">Speaking on April 9,\u00a0<\/span><span class=\"OYPEnA text-decoration-none text-strikethrough-none\">S\u00e1nchez:<\/span><\/p>\n<p class=\"cvGsUA direction-ltr align-center para-style-body\"><span class=\"OYPEnA text-decoration-none text-strikethrough-none\">He said the minority coalition government would work on reform at its weekly Council of Ministers meeting on Tuesday, April 9. Speaking on Monday, S\u00e1nchez said the reform would be a\u00a0<\/span><span class=\"OYPEnA text-decoration-none text-strikethrough-none\">\u201cIt is not a speculative business, it is a right\u201d<\/span><span class=\"OYPEnA text-decoration-none text-strikethrough-none\">\u00a0He said it was part of an effort to transform.<\/span><\/p>\n<p class=\"cvGsUA direction-ltr align-center para-style-body\"><span class=\"OYPEnA text-decoration-none text-strikethrough-none\">The government has been implementing this measure since it was enacted in 2013 by the previous right-wing People's Party government in a bid to attract foreign investors.\u00a0<\/span><span class=\"OYPEnA text-decoration-none text-strikethrough-none\">About 10,000 visas were issued<\/span><span class=\"OYPEnA text-decoration-none text-strikethrough-none\">\u00a0explained.<\/span><\/p>\n<p class=\"cvGsUA direction-ltr align-center para-style-body\"><span class=\"OYPEnA text-decoration-none text-strikethrough-none\">In the current state of affairs\u00a0<\/span><span class=\"OYPEnA text-decoration-none text-strikethrough-none\">Spain is still accepting Golden Visa applications<\/span><span class=\"OYPEnA text-decoration-none text-strikethrough-none\">\u00a0and has not published a final application date. In such Golden Visa programs, governments give applicants a transition period.<\/span><\/p>\n<p class=\"cvGsUA direction-ltr align-center para-style-body\"><span class=\"OYPEnA text-decoration-none text-strikethrough-none\">There is still time for applicants!<\/span><\/p>\n<p class=\"cvGsUA direction-ltr align-center para-style-body\"><span class=\"OYPEnA text-decoration-none text-strikethrough-none\">Government officials must specify a transition period for the closure of Golden Visa programs. There is no doubt that the statement about this Golden Visa program, which is currently just a statement, will become clear in the coming days and we will all see the roadmap together.<\/span><\/p>","protected":false},"excerpt":{"rendered":"<p>Yakla\u015f\u0131k 10 senedir, ba\u015fvuruculara ve ailelerine \u0130spanya\u2019da 500.000 Euro de\u011ferinde yat\u0131r\u0131m yapmas\u0131 durumunda oturum kart\u0131 sa\u011flayan program olan \u0130spanya Golden Visa program\u0131nda\u00a0sona yakla\u015f\u0131l\u0131yor. 9 Nisan tarihinde konu\u015fan\u00a0S\u00e1nchez: Az\u0131nl\u0131k koalisyon h\u00fck\u00fcmetinin&hellip;<\/p>","protected":false},"author":1,"featured_media":30353,"comment_status":"open","ping_status":"open","sticky":false,"template":"","format":"standard","meta":{"footnotes":""},"categories":[1,69],"tags":[172,173,171],"class_list":["post-30351","post","type-post","status-publish","format-standard","has-post-thumbnail","hentry","category-blog","category-guncel-haberler","tag-golden-visa-programi","tag-ispanya","tag-ispanya-golden-visa-programi"],"_links":{"self":[{"href":"https:\/\/globalperspektif.com\/en\/wp-json\/wp\/v2\/posts\/30351","targetHints":{"allow":["GET"]}}],"collection":[{"href":"https:\/\/globalperspektif.com\/en\/wp-json\/wp\/v2\/posts"}],"about":[{"href":"https:\/\/globalperspektif.com\/en\/wp-json\/wp\/v2\/types\/post"}],"author":[{"embeddable":true,"href":"https:\/\/globalperspektif.com\/en\/wp-json\/wp\/v2\/users\/1"}],"replies":[{"embeddable":true,"href":"https:\/\/globalperspektif.com\/en\/wp-json\/wp\/v2\/comments?post=30351"}],"version-history":[{"count":3,"href":"https:\/\/globalperspektif.com\/en\/wp-json\/wp\/v2\/posts\/30351\/revisions"}],"predecessor-version":[{"id":31399,"href":"https:\/\/globalperspektif.com\/en\/wp-json\/wp\/v2\/posts\/30351\/revisions\/31399"}],"wp:featuredmedia":[{"embeddable":true,"href":"https:\/\/globalperspektif.com\/en\/wp-json\/wp\/v2\/media\/30353"}],"wp:attachment":[{"href":"https:\/\/globalperspektif.com\/en\/wp-json\/wp\/v2\/media?parent=30351"}],"wp:term":[{"taxonomy":"category","embeddable":true,"href":"https:\/\/globalperspektif.com\/en\/wp-json\/wp\/v2\/categories?post=30351"},{"taxonomy":"post_tag","embeddable":true,"href":"https:\/\/globalperspektif.com\/en\/wp-json\/wp\/v2\/tags?post=30351"}],"curies":[{"name":"wp","href":"https:\/\/api.w.org\/{rel}","templated":true}]}}